{"id":1132,"date":"2016-01-22T08:43:43","date_gmt":"2016-01-22T07:43:43","guid":{"rendered":"http:\/\/2015.gabisenn.ch\/?p=1132"},"modified":"2020-09-01T18:33:34","modified_gmt":"2020-09-01T16:33:34","slug":"tagesanzeiger-artikel-l-wie-lernfahrer-vom-29-september-2014-2","status":"publish","type":"post","link":"https:\/\/gabisenn.ch\/en\/2016\/01\/tagesanzeiger-artikel-l-wie-lernfahrer-vom-29-september-2014-2\/","title":{"rendered":"Tagesanzeiger Artikel L wie Lernfahrer vom 29. September 2014"},"content":{"rendered":"<p><a href=\"https:\/\/gabisenn.ch\/wp-content\/uploads\/Gabi-Senn-Tagesanzeiger.jpg\" rel=\"attachment wp-att-1130\"><img loading=\"lazy\" decoding=\"async\" class=\"size-medium wp-image-1130 alignright\" src=\"https:\/\/gabisenn.ch\/wp-content\/uploads\/Gabi-Senn-Tagesanzeiger-244x300.jpg\" alt=\"Gabi-Senn-Tagesanzeiger\" width=\"244\" height=\"300\" srcset=\"https:\/\/gabisenn.ch\/wp-content\/uploads\/Gabi-Senn-Tagesanzeiger-244x300.jpg 244w, https:\/\/gabisenn.ch\/wp-content\/uploads\/Gabi-Senn-Tagesanzeiger.jpg 348w\" sizes=\"auto, (max-width: 244px) 100vw, 244px\" \/><\/a>Mein Interview im Tagesanzeiger<\/p>\n<p>\u00abFaszinierend an meinem Beruf ist die Vielfalt der Menschen. Und es ist sch\u00f6n, jemandem etwas Neues beizubringen und das Resultat zu sehen. Wichtig ist mir die R\u00fccksicht gegen\u00fcber anderen Verkehrsteilnehmern. Jeder macht einmal einen Fehler und ist froh, wenn andere diese korrigieren. Es soll ein Miteinander und kein Gegeneinander sein auf der Strasse, egal ob Velo, Auto oder Fussg\u00e4nger. Nervosit\u00e4t hinter dem Steuer ist immer schlecht und zeigt, dass man noch nicht fahren kann. Die Bedienung mag m\u00f6glicherweise funktionieren, aber die Weitsicht und das Einsch\u00e4tzen der Situationen fehlen noch. Meine Fahrsch\u00fcler sollen das, was sie gelernt haben, auch nach der Pr\u00fcfung bewusst im Verkehr umsetzen.\u00bb<\/p>\n<p><b>Link zum ganzen Artikel &#8220;<a href=\"http:\/\/www.tagesanzeiger.ch\/wirtschaft\/karriere\/L-wie-Lernfahrer\/story\/27488724\" target=\"_blank\" rel=\"noopener noreferrer\">Tagesanzeiger Artikel L wie Lernfahrer vom 29. September 2014<\/a>&#8220;<\/b><\/p>\n<p>Auf der Webseite Fahrlehrervergleich.ch werden die Fahrlehrer von den Fahrsch\u00fclern bewertet. Hier der Link zu meinen Bewertungen bei <a href=\"http:\/\/www.fahrlehrervergleich.ch\/fahrschule-Fahrschule-Gabi-Senn-Z%C3%BCrich-fahrschule-8402.htm\" target=\"_blank\" rel=\"noopener noreferrer\">Fahrlehrervergleich <\/a><\/p>\n","protected":false},"excerpt":{"rendered":"<p>Mein Interview im Tagesanzeiger \u00abFaszinierend an meinem Beruf ist die Vielfalt der Menschen. Und es ist sch\u00f6n, jemandem etwas Neues beizubringen und das Resultat zu sehen. Wichtig ist mir die R\u00fccksicht gegen\u00fcber anderen Verkehrsteilnehmern. Jeder macht einmal einen Fehler und ist froh, wenn andere diese korrigieren. Es soll ein Miteinander und kein Gegeneinander sein auf [&hellip;]<\/p>\n","protected":false},"author":3,"featured_media":0,"comment_status":"closed","ping_status":"closed","sticky":false,"template":"","format":"standard","meta":{"footnotes":""},"categories":[188],"tags":[],"class_list":["post-1132","post","type-post","status-publish","format-standard","hentry","category-interview"],"yoast_head":"<!-- This site is optimized with the Yoast SEO plugin v27.1.1 - https:\/\/yoast.com\/product\/yoast-seo-wordpress\/ -->\n<title>Tagesanzeiger Artikel L wie Lernfahrer vom 29. September 2014 - Fahrschule Gabi Senn<\/title>\n<meta name=\"description\" content=\"Tagesanzeiger Artikel wie Lernfahrer vom 29 September 2014-2\/\" \/>\n<meta name=\"robots\" content=\"index, follow, max-snippet:-1, max-image-preview:large, max-video-preview:-1\" \/>\n<link rel=\"canonical\" href=\"https:\/\/gabisenn.ch\/en\/2016\/01\/tagesanzeiger-artikel-l-wie-lernfahrer-vom-29-september-2014-2\/\" \/>\n<meta property=\"og:locale\" content=\"en_US\" \/>\n<meta property=\"og:type\" content=\"article\" \/>\n<meta property=\"og:title\" content=\"Tagesanzeiger Artikel L wie Lernfahrer vom 29. September 2014 - Fahrschule Gabi Senn\" \/>\n<meta property=\"og:description\" content=\"Tagesanzeiger Artikel wie Lernfahrer vom 29 September 2014-2\/\" \/>\n<meta property=\"og:url\" content=\"https:\/\/gabisenn.ch\/en\/2016\/01\/tagesanzeiger-artikel-l-wie-lernfahrer-vom-29-september-2014-2\/\" \/>\n<meta property=\"og:site_name\" content=\"Fahrschule Gabi Senn\" \/>\n<meta property=\"article:published_time\" content=\"2016-01-22T07:43:43+00:00\" \/>\n<meta property=\"article:modified_time\" content=\"2020-09-01T16:33:34+00:00\" \/>\n<meta property=\"og:image\" content=\"https:\/\/gabisenn.ch\/wp-content\/uploads\/Gabi-Senn-Tagesanzeiger-244x300.jpg\" \/>\n<meta name=\"author\" content=\"helene\" \/>\n<meta name=\"twitter:card\" content=\"summary_large_image\" \/>\n<meta name=\"twitter:label1\" content=\"Written by\" \/>\n\t<meta name=\"twitter:data1\" content=\"helene\" \/>\n\t<meta name=\"twitter:label2\" content=\"Est. reading time\" \/>\n\t<meta name=\"twitter:data2\" content=\"1 minute\" \/>\n<script type=\"application\/ld+json\" class=\"yoast-schema-graph\">{\"@context\":\"https:\/\/schema.org\",\"@graph\":[{\"@type\":\"Article\",\"@id\":\"https:\/\/gabisenn.ch\/en\/2016\/01\/tagesanzeiger-artikel-l-wie-lernfahrer-vom-29-september-2014-2\/#article\",\"isPartOf\":{\"@id\":\"https:\/\/gabisenn.ch\/en\/2016\/01\/tagesanzeiger-artikel-l-wie-lernfahrer-vom-29-september-2014-2\/\"},\"author\":{\"name\":\"helene\",\"@id\":\"https:\/\/gabisenn.ch\/#\/schema\/person\/71a24aa89835f747761197a79c8cd21a\"},\"headline\":\"Tagesanzeiger Artikel L wie Lernfahrer vom 29. September 2014\",\"datePublished\":\"2016-01-22T07:43:43+00:00\",\"dateModified\":\"2020-09-01T16:33:34+00:00\",\"mainEntityOfPage\":{\"@id\":\"https:\/\/gabisenn.ch\/en\/2016\/01\/tagesanzeiger-artikel-l-wie-lernfahrer-vom-29-september-2014-2\/\"},\"wordCount\":157,\"publisher\":{\"@id\":\"https:\/\/gabisenn.ch\/#organization\"},\"image\":{\"@id\":\"https:\/\/gabisenn.ch\/en\/2016\/01\/tagesanzeiger-artikel-l-wie-lernfahrer-vom-29-september-2014-2\/#primaryimage\"},\"thumbnailUrl\":\"https:\/\/gabisenn.ch\/wp-content\/uploads\/Gabi-Senn-Tagesanzeiger-244x300.jpg\",\"articleSection\":[\"Interview\"],\"inLanguage\":\"en-US\"},{\"@type\":\"WebPage\",\"@id\":\"https:\/\/gabisenn.ch\/en\/2016\/01\/tagesanzeiger-artikel-l-wie-lernfahrer-vom-29-september-2014-2\/\",\"url\":\"https:\/\/gabisenn.ch\/en\/2016\/01\/tagesanzeiger-artikel-l-wie-lernfahrer-vom-29-september-2014-2\/\",\"name\":\"Tagesanzeiger Artikel L wie Lernfahrer vom 29. September 2014 - Fahrschule Gabi Senn\",\"isPartOf\":{\"@id\":\"https:\/\/gabisenn.ch\/#website\"},\"primaryImageOfPage\":{\"@id\":\"https:\/\/gabisenn.ch\/en\/2016\/01\/tagesanzeiger-artikel-l-wie-lernfahrer-vom-29-september-2014-2\/#primaryimage\"},\"image\":{\"@id\":\"https:\/\/gabisenn.ch\/en\/2016\/01\/tagesanzeiger-artikel-l-wie-lernfahrer-vom-29-september-2014-2\/#primaryimage\"},\"thumbnailUrl\":\"https:\/\/gabisenn.ch\/wp-content\/uploads\/Gabi-Senn-Tagesanzeiger-244x300.jpg\",\"datePublished\":\"2016-01-22T07:43:43+00:00\",\"dateModified\":\"2020-09-01T16:33:34+00:00\",\"description\":\"Tagesanzeiger Artikel wie Lernfahrer vom 29 September 2014-2\/\",\"breadcrumb\":{\"@id\":\"https:\/\/gabisenn.ch\/en\/2016\/01\/tagesanzeiger-artikel-l-wie-lernfahrer-vom-29-september-2014-2\/#breadcrumb\"},\"inLanguage\":\"en-US\",\"potentialAction\":[{\"@type\":\"ReadAction\",\"target\":[\"https:\/\/gabisenn.ch\/en\/2016\/01\/tagesanzeiger-artikel-l-wie-lernfahrer-vom-29-september-2014-2\/\"]}]},{\"@type\":\"ImageObject\",\"inLanguage\":\"en-US\",\"@id\":\"https:\/\/gabisenn.ch\/en\/2016\/01\/tagesanzeiger-artikel-l-wie-lernfahrer-vom-29-september-2014-2\/#primaryimage\",\"url\":\"https:\/\/gabisenn.ch\/wp-content\/uploads\/Gabi-Senn-Tagesanzeiger-244x300.jpg\",\"contentUrl\":\"https:\/\/gabisenn.ch\/wp-content\/uploads\/Gabi-Senn-Tagesanzeiger-244x300.jpg\"},{\"@type\":\"BreadcrumbList\",\"@id\":\"https:\/\/gabisenn.ch\/en\/2016\/01\/tagesanzeiger-artikel-l-wie-lernfahrer-vom-29-september-2014-2\/#breadcrumb\",\"itemListElement\":[{\"@type\":\"ListItem\",\"position\":1,\"name\":\"Home\",\"item\":\"https:\/\/gabisenn.ch\/en\/driving-school-gabi-senn\/\"},{\"@type\":\"ListItem\",\"position\":2,\"name\":\"Tagesanzeiger Artikel L wie Lernfahrer vom 29. September 2014\"}]},{\"@type\":\"WebSite\",\"@id\":\"https:\/\/gabisenn.ch\/#website\",\"url\":\"https:\/\/gabisenn.ch\/\",\"name\":\"Fahrschule Gabi Senn\",\"description\":\"Dietikon, Schlieren, Spreitenbach, Urdorf, Albisrieden, Altstetten, Z\u00fcrich\",\"publisher\":{\"@id\":\"https:\/\/gabisenn.ch\/#organization\"},\"potentialAction\":[{\"@type\":\"SearchAction\",\"target\":{\"@type\":\"EntryPoint\",\"urlTemplate\":\"https:\/\/gabisenn.ch\/?s={search_term_string}\"},\"query-input\":{\"@type\":\"PropertyValueSpecification\",\"valueRequired\":true,\"valueName\":\"search_term_string\"}}],\"inLanguage\":\"en-US\"},{\"@type\":\"Organization\",\"@id\":\"https:\/\/gabisenn.ch\/#organization\",\"name\":\"Fahrschule Gabi Senn\",\"url\":\"https:\/\/gabisenn.ch\/\",\"logo\":{\"@type\":\"ImageObject\",\"inLanguage\":\"en-US\",\"@id\":\"https:\/\/gabisenn.ch\/#\/schema\/logo\/image\/\",\"url\":\"https:\/\/gabisenn.ch\/wp-content\/uploads\/Logo-Gabi-Senn-2015.png\",\"contentUrl\":\"https:\/\/gabisenn.ch\/wp-content\/uploads\/Logo-Gabi-Senn-2015.png\",\"width\":220,\"height\":100,\"caption\":\"Fahrschule Gabi Senn\"},\"image\":{\"@id\":\"https:\/\/gabisenn.ch\/#\/schema\/logo\/image\/\"}},{\"@type\":\"Person\",\"@id\":\"https:\/\/gabisenn.ch\/#\/schema\/person\/71a24aa89835f747761197a79c8cd21a\",\"name\":\"helene\",\"url\":\"https:\/\/gabisenn.ch\/en\/author\/helene\/\"}]}<\/script>\n<!-- \/ Yoast SEO plugin. -->","yoast_head_json":{"title":"Tagesanzeiger Artikel L wie Lernfahrer vom 29. September 2014 - Fahrschule Gabi Senn","description":"Tagesanzeiger Artikel wie Lernfahrer vom 29 September 2014-2\/","robots":{"index":"index","follow":"follow","max-snippet":"max-snippet:-1","max-image-preview":"max-image-preview:large","max-video-preview":"max-video-preview:-1"},"canonical":"https:\/\/gabisenn.ch\/en\/2016\/01\/tagesanzeiger-artikel-l-wie-lernfahrer-vom-29-september-2014-2\/","og_locale":"en_US","og_type":"article","og_title":"Tagesanzeiger Artikel L wie Lernfahrer vom 29. September 2014 - Fahrschule Gabi Senn","og_description":"Tagesanzeiger Artikel wie Lernfahrer vom 29 September 2014-2\/","og_url":"https:\/\/gabisenn.ch\/en\/2016\/01\/tagesanzeiger-artikel-l-wie-lernfahrer-vom-29-september-2014-2\/","og_site_name":"Fahrschule Gabi Senn","article_published_time":"2016-01-22T07:43:43+00:00","article_modified_time":"2020-09-01T16:33:34+00:00","og_image":[{"url":"https:\/\/gabisenn.ch\/wp-content\/uploads\/Gabi-Senn-Tagesanzeiger-244x300.jpg","type":"","width":"","height":""}],"author":"helene","twitter_card":"summary_large_image","twitter_misc":{"Written by":"helene","Est. reading time":"1 minute"},"schema":{"@context":"https:\/\/schema.org","@graph":[{"@type":"Article","@id":"https:\/\/gabisenn.ch\/en\/2016\/01\/tagesanzeiger-artikel-l-wie-lernfahrer-vom-29-september-2014-2\/#article","isPartOf":{"@id":"https:\/\/gabisenn.ch\/en\/2016\/01\/tagesanzeiger-artikel-l-wie-lernfahrer-vom-29-september-2014-2\/"},"author":{"name":"helene","@id":"https:\/\/gabisenn.ch\/#\/schema\/person\/71a24aa89835f747761197a79c8cd21a"},"headline":"Tagesanzeiger Artikel L wie Lernfahrer vom 29. September 2014","datePublished":"2016-01-22T07:43:43+00:00","dateModified":"2020-09-01T16:33:34+00:00","mainEntityOfPage":{"@id":"https:\/\/gabisenn.ch\/en\/2016\/01\/tagesanzeiger-artikel-l-wie-lernfahrer-vom-29-september-2014-2\/"},"wordCount":157,"publisher":{"@id":"https:\/\/gabisenn.ch\/#organization"},"image":{"@id":"https:\/\/gabisenn.ch\/en\/2016\/01\/tagesanzeiger-artikel-l-wie-lernfahrer-vom-29-september-2014-2\/#primaryimage"},"thumbnailUrl":"https:\/\/gabisenn.ch\/wp-content\/uploads\/Gabi-Senn-Tagesanzeiger-244x300.jpg","articleSection":["Interview"],"inLanguage":"en-US"},{"@type":"WebPage","@id":"https:\/\/gabisenn.ch\/en\/2016\/01\/tagesanzeiger-artikel-l-wie-lernfahrer-vom-29-september-2014-2\/","url":"https:\/\/gabisenn.ch\/en\/2016\/01\/tagesanzeiger-artikel-l-wie-lernfahrer-vom-29-september-2014-2\/","name":"Tagesanzeiger Artikel L wie Lernfahrer vom 29. September 2014 - Fahrschule Gabi Senn","isPartOf":{"@id":"https:\/\/gabisenn.ch\/#website"},"primaryImageOfPage":{"@id":"https:\/\/gabisenn.ch\/en\/2016\/01\/tagesanzeiger-artikel-l-wie-lernfahrer-vom-29-september-2014-2\/#primaryimage"},"image":{"@id":"https:\/\/gabisenn.ch\/en\/2016\/01\/tagesanzeiger-artikel-l-wie-lernfahrer-vom-29-september-2014-2\/#primaryimage"},"thumbnailUrl":"https:\/\/gabisenn.ch\/wp-content\/uploads\/Gabi-Senn-Tagesanzeiger-244x300.jpg","datePublished":"2016-01-22T07:43:43+00:00","dateModified":"2020-09-01T16:33:34+00:00","description":"Tagesanzeiger Artikel wie Lernfahrer vom 29 September 2014-2\/","breadcrumb":{"@id":"https:\/\/gabisenn.ch\/en\/2016\/01\/tagesanzeiger-artikel-l-wie-lernfahrer-vom-29-september-2014-2\/#breadcrumb"},"inLanguage":"en-US","potentialAction":[{"@type":"ReadAction","target":["https:\/\/gabisenn.ch\/en\/2016\/01\/tagesanzeiger-artikel-l-wie-lernfahrer-vom-29-september-2014-2\/"]}]},{"@type":"ImageObject","inLanguage":"en-US","@id":"https:\/\/gabisenn.ch\/en\/2016\/01\/tagesanzeiger-artikel-l-wie-lernfahrer-vom-29-september-2014-2\/#primaryimage","url":"https:\/\/gabisenn.ch\/wp-content\/uploads\/Gabi-Senn-Tagesanzeiger-244x300.jpg","contentUrl":"https:\/\/gabisenn.ch\/wp-content\/uploads\/Gabi-Senn-Tagesanzeiger-244x300.jpg"},{"@type":"BreadcrumbList","@id":"https:\/\/gabisenn.ch\/en\/2016\/01\/tagesanzeiger-artikel-l-wie-lernfahrer-vom-29-september-2014-2\/#breadcrumb","itemListElement":[{"@type":"ListItem","position":1,"name":"Home","item":"https:\/\/gabisenn.ch\/en\/driving-school-gabi-senn\/"},{"@type":"ListItem","position":2,"name":"Tagesanzeiger Artikel L wie Lernfahrer vom 29. September 2014"}]},{"@type":"WebSite","@id":"https:\/\/gabisenn.ch\/#website","url":"https:\/\/gabisenn.ch\/","name":"Fahrschule Gabi Senn","description":"Dietikon, Schlieren, Spreitenbach, Urdorf, Albisrieden, Altstetten, Z\u00fcrich","publisher":{"@id":"https:\/\/gabisenn.ch\/#organization"},"potentialAction":[{"@type":"SearchAction","target":{"@type":"EntryPoint","urlTemplate":"https:\/\/gabisenn.ch\/?s={search_term_string}"},"query-input":{"@type":"PropertyValueSpecification","valueRequired":true,"valueName":"search_term_string"}}],"inLanguage":"en-US"},{"@type":"Organization","@id":"https:\/\/gabisenn.ch\/#organization","name":"Fahrschule Gabi Senn","url":"https:\/\/gabisenn.ch\/","logo":{"@type":"ImageObject","inLanguage":"en-US","@id":"https:\/\/gabisenn.ch\/#\/schema\/logo\/image\/","url":"https:\/\/gabisenn.ch\/wp-content\/uploads\/Logo-Gabi-Senn-2015.png","contentUrl":"https:\/\/gabisenn.ch\/wp-content\/uploads\/Logo-Gabi-Senn-2015.png","width":220,"height":100,"caption":"Fahrschule Gabi Senn"},"image":{"@id":"https:\/\/gabisenn.ch\/#\/schema\/logo\/image\/"}},{"@type":"Person","@id":"https:\/\/gabisenn.ch\/#\/schema\/person\/71a24aa89835f747761197a79c8cd21a","name":"helene","url":"https:\/\/gabisenn.ch\/en\/author\/helene\/"}]}},"_links":{"self":[{"href":"https:\/\/gabisenn.ch\/en\/wp-json\/wp\/v2\/posts\/1132","targetHints":{"allow":["GET"]}}],"collection":[{"href":"https:\/\/gabisenn.ch\/en\/wp-json\/wp\/v2\/posts"}],"about":[{"href":"https:\/\/gabisenn.ch\/en\/wp-json\/wp\/v2\/types\/post"}],"author":[{"embeddable":true,"href":"https:\/\/gabisenn.ch\/en\/wp-json\/wp\/v2\/users\/3"}],"replies":[{"embeddable":true,"href":"https:\/\/gabisenn.ch\/en\/wp-json\/wp\/v2\/comments?post=1132"}],"version-history":[{"count":2,"href":"https:\/\/gabisenn.ch\/en\/wp-json\/wp\/v2\/posts\/1132\/revisions"}],"predecessor-version":[{"id":1984,"href":"https:\/\/gabisenn.ch\/en\/wp-json\/wp\/v2\/posts\/1132\/revisions\/1984"}],"wp:attachment":[{"href":"https:\/\/gabisenn.ch\/en\/wp-json\/wp\/v2\/media?parent=1132"}],"wp:term":[{"taxonomy":"category","embeddable":true,"href":"https:\/\/gabisenn.ch\/en\/wp-json\/wp\/v2\/categories?post=1132"},{"taxonomy":"post_tag","embeddable":true,"href":"https:\/\/gabisenn.ch\/en\/wp-json\/wp\/v2\/tags?post=1132"}],"curies":[{"name":"wp","href":"https:\/\/api.w.org\/{rel}","templated":true}]}}